{"id":2833,"date":"2023-08-25T16:21:00","date_gmt":"2023-08-25T14:21:00","guid":{"rendered":"https:\/\/www.mariakurty.com\/?p=2833"},"modified":"2023-09-05T13:42:31","modified_gmt":"2023-09-05T11:42:31","slug":"jesenna-kolekcia-2023","status":"publish","type":"post","link":"https:\/\/www.mariakurty.com\/en\/jesenna-kolekcia-2023\/","title":{"rendered":"Jesenn\u00e1 kolekcia 2023"},"content":{"rendered":"<p>Jese\u0148 je tak trochu zvl\u00e1\u0161tnym ro\u010dn\u00fdm obdob\u00edm. Na jednej strane n\u00e1s pomaly pripravuje na zimu, dni sa skracuj\u00fa, dozrievaj\u00fa posledn\u00e9 plody, opad\u00e1vaj\u00fa listy, niektor\u00e9 zvieratk\u00e1 sa ukladaj\u00fa na zimn\u00fd sp\u00e1nok a mnoh\u00ed z n\u00e1s by sa ulo\u017eili s nimi a nadch\u00e1dzaj\u00facu zimu prespali tie\u017e \ud83d\ude09 No na druhej strane je to najfarebnej\u0161ie obdobie v roku, kedy n\u00e1m pr\u00edroda pon\u00faka ohromuj\u00face divadlo farieb a vzorov. <\/p>\n\n\n\n<p>Najnov\u0161ia kolekcia l\u00e1tok, ktor\u00fa sme pripravili spolu s Needles v Banskej Bystrici, na v\u00e1s d\u00fdchne atmosf\u00e9ru lesa a jesenn\u00fdch z\u00e1hrad. P\u00f4vodne sme chceli vybra\u0165 len nieko\u013eko vzorov, no nevedeli sme sa rozhodn\u00fa\u0165, a preto v\u00e1m prin\u00e1\u0161ame rovno tri podkolekcie!  V jednej z nich v\u00e1m bud\u00fa spolo\u010dn\u00edkmi mal\u00ed jelen\u010dekovia, v druhej mohutn\u00e9 medvede, a tretia v\u00e1s zavedie do rozpr\u00e1vkovej jesennej z\u00e1hrady plnej kvetov a vesel\u00fdch tekv\u00edc. <\/p>\n\n\n\n<p>Kolekcia je v\u00fdnimo\u010dn\u00e1 aj svojou farebnos\u0165ou &#8211; farby v kolekcii s jelen\u010dekom s\u00fa chladnej\u0161ie, prevl\u00e1daj\u00fa odtiene ru\u017eovej a petrolejovo zelenej farby, zatia\u013e \u010do zvy\u0161n\u00e9 dve podkolekcie s medve\u010fmi a kvetmi vy\u017earuj\u00fa prav\u00e9 teplo jesenn\u00fdch farieb v odtie\u0148och \u017eltej, hnedej a oran\u017eovej. T\u00e1to farebn\u00e1 paleta prid\u00e1va \u010fal\u0161iu dimenziu k jedine\u010dnosti a rozmanitosti tejto jesennej kolekcie l\u00e1tok.<\/p>\n\n\n\n<p>Vzory v kolekcii s\u00fa u\u017e tradi\u010dne v minimalistickej\u0161om \u0161t\u00fdle, hrav\u00e9 a elegantn\u00e9 z\u00e1rove\u0148, v \u0161t\u00fdle, ktor\u00fd oslov\u00ed deti aj dospel\u00fdch, chlapcov aj diev\u010dat\u00e1. Po\u010fme na to!<\/p>\n\n\n\n<figure class=\"wp-block-image size-large\"><img loading=\"lazy\" decoding=\"async\" width=\"2560\" height=\"1919\" src=\"https:\/\/www.mariakurty.com\/wp-content\/uploads\/2023\/08\/1-edited-scaled.jpg\" alt=\"\" class=\"wp-image-2871\" srcset=\"https:\/\/www.mariakurty.com\/wp-content\/uploads\/2023\/08\/1-edited-scaled.jpg 2560w, https:\/\/www.mariakurty.com\/wp-content\/uploads\/2023\/08\/1-edited-400x300.jpg 400w, https:\/\/www.mariakurty.com\/wp-content\/uploads\/2023\/08\/1-edited-1024x768.jpg 1024w, https:\/\/www.mariakurty.com\/wp-content\/uploads\/2023\/08\/1-edited-768x576.jpg 768w, https:\/\/www.mariakurty.com\/wp-content\/uploads\/2023\/08\/1-edited-1536x1151.jpg 1536w, https:\/\/www.mariakurty.com\/wp-content\/uploads\/2023\/08\/1-edited-2048x1535.jpg 2048w, https:\/\/www.mariakurty.com\/wp-content\/uploads\/2023\/08\/1-edited-16x12.jpg 16w\" sizes=\"auto, (max-width: 2560px) 100vw, 2560px\" \/><figcaption class=\"wp-element-caption\">Jesenn\u00e1 kolekcia l\u00e1tok 2023 &#8211; Podkolekcie &#8222;Jese\u0148 v lese&#8220; a &#8222;Jese\u0148 v z\u00e1hrade&#8220; (ZDROJ: Maria Kurty)<\/figcaption><\/figure>\n\n\n\n<h2 class=\"wp-block-heading has-theme-palette-1-color has-text-color\">Jese\u0148 v lese<\/h2>\n\n\n\n<p>Prv\u00e1 podkolekcia je in\u0161pirovan\u00e1 kr\u00e1sami lesa v jesennom obdob\u00ed. Hlavn\u00fdm mot\u00edvom s\u00fa kr\u00e1li slovensk\u00fdch lesov, majest\u00e1tne medvede. Na vzoroch tejto kolekcie n\u00e1jdete medvede aj medvedice doplnen\u00e9 \u010fal\u0161\u00edmi lesn\u00fdmi prvkami ako s\u00fa opad\u00e1vaj\u00face stromy, \u010di r\u00f4zne kon\u00e1riky, \u0161u\u0161ky a bobu\u013eky. Farebn\u00e1 paleta je teplej\u0161ia, prevl\u00e1daj\u00fa odtiene neutr\u00e1lnej hnedej farby a vzory s\u00fa t\u00fdm p\u00e1dom vhodn\u00e9 pre diev\u010dat\u00e1 aj chlapcov. <\/p>\n\n\n\n<h5 class=\"wp-block-heading\">1. <strong>Medvede a lesn\u00e9 plody<\/strong><\/h5>\n\n\n\n<figure class=\"wp-block-image size-large\"><img loading=\"lazy\" decoding=\"async\" width=\"1024\" height=\"683\" src=\"https:\/\/www.mariakurty.com\/wp-content\/uploads\/2023\/08\/Mikina_medvede_lesne_plody-1024x683.jpg\" alt=\"\" class=\"wp-image-2834\" srcset=\"https:\/\/www.mariakurty.com\/wp-content\/uploads\/2023\/08\/Mikina_medvede_lesne_plody-1024x683.jpg 1024w, https:\/\/www.mariakurty.com\/wp-content\/uploads\/2023\/08\/Mikina_medvede_lesne_plody-400x267.jpg 400w, https:\/\/www.mariakurty.com\/wp-content\/uploads\/2023\/08\/Mikina_medvede_lesne_plody-768x512.jpg 768w, https:\/\/www.mariakurty.com\/wp-content\/uploads\/2023\/08\/Mikina_medvede_lesne_plody-1536x1024.jpg 1536w, https:\/\/www.mariakurty.com\/wp-content\/uploads\/2023\/08\/Mikina_medvede_lesne_plody-2048x1365.jpg 2048w, https:\/\/www.mariakurty.com\/wp-content\/uploads\/2023\/08\/Mikina_medvede_lesne_plody-18x12.jpg 18w\" sizes=\"auto, (max-width: 1024px) 100vw, 1024px\" \/><figcaption class=\"wp-element-caption\">Vzor &#8222;Medvede a lesn\u00e9 plody&#8220; pou\u017eit\u00fd na detskej mikine (ZDROJ: Maria Kurty)<\/figcaption><\/figure>\n\n\n\n<h5 class=\"wp-block-heading\">2. Medved\u00edky<\/h5>\n\n\n\n<figure class=\"wp-block-image size-large\"><img loading=\"lazy\" decoding=\"async\" width=\"1024\" height=\"683\" src=\"https:\/\/www.mariakurty.com\/wp-content\/uploads\/2023\/08\/Ciapka_medvedie_hlavy_biele_pozadie-1024x683.jpg\" alt=\"\" class=\"wp-image-2836\" srcset=\"https:\/\/www.mariakurty.com\/wp-content\/uploads\/2023\/08\/Ciapka_medvedie_hlavy_biele_pozadie-1024x683.jpg 1024w, https:\/\/www.mariakurty.com\/wp-content\/uploads\/2023\/08\/Ciapka_medvedie_hlavy_biele_pozadie-400x267.jpg 400w, https:\/\/www.mariakurty.com\/wp-content\/uploads\/2023\/08\/Ciapka_medvedie_hlavy_biele_pozadie-768x512.jpg 768w, https:\/\/www.mariakurty.com\/wp-content\/uploads\/2023\/08\/Ciapka_medvedie_hlavy_biele_pozadie-1536x1024.jpg 1536w, https:\/\/www.mariakurty.com\/wp-content\/uploads\/2023\/08\/Ciapka_medvedie_hlavy_biele_pozadie-2048x1365.jpg 2048w, https:\/\/www.mariakurty.com\/wp-content\/uploads\/2023\/08\/Ciapka_medvedie_hlavy_biele_pozadie-18x12.jpg 18w\" sizes=\"auto, (max-width: 1024px) 100vw, 1024px\" \/><figcaption class=\"wp-element-caption\">Vzor &#8222;Medved\u00edky&#8220; pou\u017eit\u00fd na detskej \u010diapke z \u00fapletu (ZDROJ: Maria Kurty)<\/figcaption><\/figure>\n\n\n\n<h5 class=\"wp-block-heading\">3. Opad\u00e1vaj\u00face stromy<\/h5>\n\n\n\n<figure class=\"wp-block-image size-large\"><img loading=\"lazy\" decoding=\"async\" width=\"1024\" height=\"683\" src=\"https:\/\/www.mariakurty.com\/wp-content\/uploads\/2023\/08\/2dielne_pyzamo_stromy_zelene-1024x683.jpg\" alt=\"\" class=\"wp-image-2837\" srcset=\"https:\/\/www.mariakurty.com\/wp-content\/uploads\/2023\/08\/2dielne_pyzamo_stromy_zelene-1024x683.jpg 1024w, https:\/\/www.mariakurty.com\/wp-content\/uploads\/2023\/08\/2dielne_pyzamo_stromy_zelene-400x267.jpg 400w, https:\/\/www.mariakurty.com\/wp-content\/uploads\/2023\/08\/2dielne_pyzamo_stromy_zelene-768x512.jpg 768w, https:\/\/www.mariakurty.com\/wp-content\/uploads\/2023\/08\/2dielne_pyzamo_stromy_zelene-1536x1024.jpg 1536w, https:\/\/www.mariakurty.com\/wp-content\/uploads\/2023\/08\/2dielne_pyzamo_stromy_zelene-2048x1365.jpg 2048w, https:\/\/www.mariakurty.com\/wp-content\/uploads\/2023\/08\/2dielne_pyzamo_stromy_zelene-18x12.jpg 18w\" sizes=\"auto, (max-width: 1024px) 100vw, 1024px\" \/><figcaption class=\"wp-element-caption\">Vzor &#8222;Opad\u00e1vaj\u00face stromy&#8220; pou\u017eit\u00fd na detskom py\u017eamku (ZDRO: Maria Kurty)<\/figcaption><\/figure>\n\n\n\n<h5 class=\"wp-block-heading\">4. Medvedice<\/h5>\n\n\n\n<figure class=\"wp-block-image size-large\"><img loading=\"lazy\" decoding=\"async\" width=\"1024\" height=\"717\" src=\"https:\/\/www.mariakurty.com\/wp-content\/uploads\/2023\/08\/Saty_medvedice_bez_celenky-1024x717.jpg\" alt=\"\" class=\"wp-image-2838\" srcset=\"https:\/\/www.mariakurty.com\/wp-content\/uploads\/2023\/08\/Saty_medvedice_bez_celenky-1024x717.jpg 1024w, https:\/\/www.mariakurty.com\/wp-content\/uploads\/2023\/08\/Saty_medvedice_bez_celenky-400x280.jpg 400w, https:\/\/www.mariakurty.com\/wp-content\/uploads\/2023\/08\/Saty_medvedice_bez_celenky-768x538.jpg 768w, https:\/\/www.mariakurty.com\/wp-content\/uploads\/2023\/08\/Saty_medvedice_bez_celenky-1536x1075.jpg 1536w, https:\/\/www.mariakurty.com\/wp-content\/uploads\/2023\/08\/Saty_medvedice_bez_celenky-2048x1434.jpg 2048w, https:\/\/www.mariakurty.com\/wp-content\/uploads\/2023\/08\/Saty_medvedice_bez_celenky-18x12.jpg 18w\" sizes=\"auto, (max-width: 1024px) 100vw, 1024px\" \/><figcaption class=\"wp-element-caption\">Vzor &#8222;Medvedice&#8220; pou\u017eit\u00fd na tepl\u00fdch \u0161at\u00e1ch (ZDROJ: Maria Kurty)<\/figcaption><\/figure>\n\n\n\n<h2 class=\"wp-block-heading has-theme-palette-1-color has-text-color\">Jese\u0148 v z\u00e1hrade<\/h2>\n\n\n\n<p>Druh\u00e1 podkolekcia je o\u010daruj\u00faca kombin\u00e1cia kvetov a tekv\u00edc, ktor\u00e9 s\u00fa typick\u00e9 pre jesenn\u00e9 dekor\u00e1cie. Pr\u00e1ve tieto prvky prid\u00e1vaj\u00fa do celej jesennej kolekcie \u0161tipku romantiky a jemnosti. Vzory obsahuj\u00fa kvety r\u00f4znych tvarov, farieb a ve\u013ekost\u00ed a n\u00e1jdete tu tie\u017e nieko\u013eko roztopa\u0161n\u00fdch tekv\u00edc. Farebn\u00e1 paleta je rovnak\u00e1 ako v predch\u00e1dzaj\u00facej podkolekcii, vzory s\u00fa v\u0161ak \u017eenskej\u0161ie a jemnej\u0161ie, vhodn\u00e9 sk\u00f4r pre diev\u010dat\u00e1 a \u017eeny. <\/p>\n\n\n\n<h5 class=\"wp-block-heading\">1. Jesenn\u00e1 z\u00e1hrada<\/h5>\n\n\n\n<figure class=\"wp-block-image size-large\"><img loading=\"lazy\" decoding=\"async\" width=\"1024\" height=\"683\" src=\"https:\/\/www.mariakurty.com\/wp-content\/uploads\/2023\/08\/19-1024x683.jpg\" alt=\"\" class=\"wp-image-2840\" srcset=\"https:\/\/www.mariakurty.com\/wp-content\/uploads\/2023\/08\/19-1024x683.jpg 1024w, https:\/\/www.mariakurty.com\/wp-content\/uploads\/2023\/08\/19-400x267.jpg 400w, https:\/\/www.mariakurty.com\/wp-content\/uploads\/2023\/08\/19-768x512.jpg 768w, https:\/\/www.mariakurty.com\/wp-content\/uploads\/2023\/08\/19-1536x1024.jpg 1536w, https:\/\/www.mariakurty.com\/wp-content\/uploads\/2023\/08\/19-2048x1365.jpg 2048w, https:\/\/www.mariakurty.com\/wp-content\/uploads\/2023\/08\/19-18x12.jpg 18w\" sizes=\"auto, (max-width: 1024px) 100vw, 1024px\" \/><figcaption class=\"wp-element-caption\">Romantick\u00fd a jemn\u00fd vzor &#8222;Jesenn\u00e1 z\u00e1hrada&#8220; na \u00faplete (ZDROJ: Maria Kurty)<\/figcaption><\/figure>\n\n\n\n<h5 class=\"wp-block-heading\">2. Farebn\u00e9 kvietky<\/h5>\n\n\n\n<figure class=\"wp-block-image size-large\"><img loading=\"lazy\" decoding=\"async\" width=\"1024\" height=\"683\" src=\"https:\/\/www.mariakurty.com\/wp-content\/uploads\/2023\/08\/Bodynko_jesenne_kvety_mensie-1024x683.jpg\" alt=\"\" class=\"wp-image-2842\" srcset=\"https:\/\/www.mariakurty.com\/wp-content\/uploads\/2023\/08\/Bodynko_jesenne_kvety_mensie-1024x683.jpg 1024w, https:\/\/www.mariakurty.com\/wp-content\/uploads\/2023\/08\/Bodynko_jesenne_kvety_mensie-400x267.jpg 400w, https:\/\/www.mariakurty.com\/wp-content\/uploads\/2023\/08\/Bodynko_jesenne_kvety_mensie-768x512.jpg 768w, https:\/\/www.mariakurty.com\/wp-content\/uploads\/2023\/08\/Bodynko_jesenne_kvety_mensie-1536x1024.jpg 1536w, https:\/\/www.mariakurty.com\/wp-content\/uploads\/2023\/08\/Bodynko_jesenne_kvety_mensie-2048x1365.jpg 2048w, https:\/\/www.mariakurty.com\/wp-content\/uploads\/2023\/08\/Bodynko_jesenne_kvety_mensie-18x12.jpg 18w\" sizes=\"auto, (max-width: 1024px) 100vw, 1024px\" \/><figcaption class=\"wp-element-caption\">Jemn\u00fd vzor &#8222;Farebn\u00e9 kvietky&#8220; je ako stvoren\u00fd na v\u00fdbavu pre b\u00e1b\u00e4tk\u00e1! (ZDROJ: Maria Kurty)<\/figcaption><\/figure>\n\n\n\n<h5 class=\"wp-block-heading\">3. Roztopa\u0161n\u00e9 tekvice<\/h5>\n\n\n\n<figure class=\"wp-block-image size-large\"><img loading=\"lazy\" decoding=\"async\" width=\"1024\" height=\"683\" src=\"https:\/\/www.mariakurty.com\/wp-content\/uploads\/2023\/08\/Pyzamko_tekvice-1024x683.jpg\" alt=\"\" class=\"wp-image-2843\" srcset=\"https:\/\/www.mariakurty.com\/wp-content\/uploads\/2023\/08\/Pyzamko_tekvice-1024x683.jpg 1024w, https:\/\/www.mariakurty.com\/wp-content\/uploads\/2023\/08\/Pyzamko_tekvice-400x267.jpg 400w, https:\/\/www.mariakurty.com\/wp-content\/uploads\/2023\/08\/Pyzamko_tekvice-768x512.jpg 768w, https:\/\/www.mariakurty.com\/wp-content\/uploads\/2023\/08\/Pyzamko_tekvice-1536x1024.jpg 1536w, https:\/\/www.mariakurty.com\/wp-content\/uploads\/2023\/08\/Pyzamko_tekvice-2048x1365.jpg 2048w, https:\/\/www.mariakurty.com\/wp-content\/uploads\/2023\/08\/Pyzamko_tekvice-18x12.jpg 18w\" sizes=\"auto, (max-width: 1024px) 100vw, 1024px\" \/><figcaption class=\"wp-element-caption\">Vzor &#8222;Roztopa\u0161n\u00e9 tekvice&#8220; pou\u017eit\u00fd na detskom py\u017eamku (ZDROJ: Maria Kurty)<\/figcaption><\/figure>\n\n\n\n<h5 class=\"wp-block-heading\">4. Drobn\u00e9 kvietky<\/h5>\n\n\n\n<figure class=\"wp-block-image size-large\"><img loading=\"lazy\" decoding=\"async\" width=\"1024\" height=\"683\" src=\"https:\/\/www.mariakurty.com\/wp-content\/uploads\/2023\/08\/Teplaky-na-traky_jesenne_kvety_drobne-1024x683.jpg\" alt=\"\" class=\"wp-image-2844\" srcset=\"https:\/\/www.mariakurty.com\/wp-content\/uploads\/2023\/08\/Teplaky-na-traky_jesenne_kvety_drobne-1024x683.jpg 1024w, https:\/\/www.mariakurty.com\/wp-content\/uploads\/2023\/08\/Teplaky-na-traky_jesenne_kvety_drobne-400x267.jpg 400w, https:\/\/www.mariakurty.com\/wp-content\/uploads\/2023\/08\/Teplaky-na-traky_jesenne_kvety_drobne-768x512.jpg 768w, https:\/\/www.mariakurty.com\/wp-content\/uploads\/2023\/08\/Teplaky-na-traky_jesenne_kvety_drobne-1536x1024.jpg 1536w, https:\/\/www.mariakurty.com\/wp-content\/uploads\/2023\/08\/Teplaky-na-traky_jesenne_kvety_drobne-2048x1365.jpg 2048w, https:\/\/www.mariakurty.com\/wp-content\/uploads\/2023\/08\/Teplaky-na-traky_jesenne_kvety_drobne-18x12.jpg 18w\" sizes=\"auto, (max-width: 1024px) 100vw, 1024px\" \/><figcaption class=\"wp-element-caption\">Vzor &#8222;Drobn\u00e9 kvietky&#8220; m\u00e1 v\u010faka svojej jednoduchosti ve\u013emi \u0161irok\u00e9 vyu\u017eitie. V tomto pr\u00edpade som ho pou\u017eila na detsk\u00e9 tepl\u00e1ky na traky. (ZDROJ: Maria Kurty)<\/figcaption><\/figure>\n\n\n\n<h2 class=\"wp-block-heading has-theme-palette-1-color has-text-color\">Ahoj, jelen\u010dek!<\/h2>\n\n\n\n<p>Tretia podkolekcia je ak\u00fdmsi bonusom a od prv\u00fdch dvoch sa l\u00ed\u0161i predov\u0161etk\u00fdm svojou farebnos\u0165ou. Vzory z tejto podkolekcie s\u00fa tro\u0161ku star\u0161ie, no k jeseni sa skvelo hodia pr\u00e1ve v\u010faka t\u00e9me lesa. Hlavn\u00fdm mot\u00edvom tejto je mal\u00fd jelen\u010dek, ktor\u00fd dod\u00e1va vzorom n\u00e1dhern\u00fa d\u00e1vku \u0161armu a hravosti. Dop\u013a\u0148aj\u00fa ho vzory s tematikou lesa, jemn\u00fdch kvetov a lesn\u00fdch h\u00fab. Farby s\u00fa chladnej\u0161ie, prevl\u00e1daj\u00fa odtiene petrolejovo zelenej farby, na svoje si v tomto pr\u00edpade pr\u00eddu aj diev\u010dat\u00e1 aj chlapci.<\/p>\n\n\n\n<h5 class=\"wp-block-heading\">1. Jelen\u010dek &#8211; zelen\u00e1 verzia<\/h5>\n\n\n\n<figure class=\"wp-block-image size-large\"><img loading=\"lazy\" decoding=\"async\" width=\"1024\" height=\"683\" src=\"https:\/\/www.mariakurty.com\/wp-content\/uploads\/2023\/08\/Pyzamko_zeleny_jelencek-1024x683.jpg\" alt=\"\" class=\"wp-image-2847\" srcset=\"https:\/\/www.mariakurty.com\/wp-content\/uploads\/2023\/08\/Pyzamko_zeleny_jelencek-1024x683.jpg 1024w, https:\/\/www.mariakurty.com\/wp-content\/uploads\/2023\/08\/Pyzamko_zeleny_jelencek-400x267.jpg 400w, https:\/\/www.mariakurty.com\/wp-content\/uploads\/2023\/08\/Pyzamko_zeleny_jelencek-768x512.jpg 768w, https:\/\/www.mariakurty.com\/wp-content\/uploads\/2023\/08\/Pyzamko_zeleny_jelencek-1536x1024.jpg 1536w, https:\/\/www.mariakurty.com\/wp-content\/uploads\/2023\/08\/Pyzamko_zeleny_jelencek-2048x1365.jpg 2048w, https:\/\/www.mariakurty.com\/wp-content\/uploads\/2023\/08\/Pyzamko_zeleny_jelencek-18x12.jpg 18w\" sizes=\"auto, (max-width: 1024px) 100vw, 1024px\" \/><figcaption class=\"wp-element-caption\">Jemn\u00fd vzor &#8222;Jelen\u010dek&#8220; v chlap\u010denskej verzii pou\u017eit\u00fd na py\u017eamku (ZDROJ: Maria Kurty)<\/figcaption><\/figure>\n\n\n\n<h5 class=\"wp-block-heading\">2. Les<\/h5>\n\n\n\n<figure class=\"wp-block-image size-large\"><img loading=\"lazy\" decoding=\"async\" width=\"1024\" height=\"717\" src=\"https:\/\/www.mariakurty.com\/wp-content\/uploads\/2023\/08\/Mikina_bez_bez_kapucne_les-1024x717.jpg\" alt=\"\" class=\"wp-image-2849\" srcset=\"https:\/\/www.mariakurty.com\/wp-content\/uploads\/2023\/08\/Mikina_bez_bez_kapucne_les-1024x717.jpg 1024w, https:\/\/www.mariakurty.com\/wp-content\/uploads\/2023\/08\/Mikina_bez_bez_kapucne_les-400x280.jpg 400w, https:\/\/www.mariakurty.com\/wp-content\/uploads\/2023\/08\/Mikina_bez_bez_kapucne_les-768x538.jpg 768w, https:\/\/www.mariakurty.com\/wp-content\/uploads\/2023\/08\/Mikina_bez_bez_kapucne_les-1536x1075.jpg 1536w, https:\/\/www.mariakurty.com\/wp-content\/uploads\/2023\/08\/Mikina_bez_bez_kapucne_les-2048x1434.jpg 2048w, https:\/\/www.mariakurty.com\/wp-content\/uploads\/2023\/08\/Mikina_bez_bez_kapucne_les-18x12.jpg 18w\" sizes=\"auto, (max-width: 1024px) 100vw, 1024px\" \/><figcaption class=\"wp-element-caption\">Vzor &#8222;Les&#8220; pou\u017eit\u00fd na chlap\u010denskej mikine (ZDROJ: Maria Kurty)<\/figcaption><\/figure>\n\n\n\n<h5 class=\"wp-block-heading\">3. Lesn\u00e9 huby na zelenom pozad\u00ed<\/h5>\n\n\n\n<figure class=\"wp-block-image size-large\"><img loading=\"lazy\" decoding=\"async\" width=\"1024\" height=\"683\" src=\"https:\/\/www.mariakurty.com\/wp-content\/uploads\/2023\/08\/Teplaky_huby_zelene-1024x683.jpg\" alt=\"\" class=\"wp-image-2850\" srcset=\"https:\/\/www.mariakurty.com\/wp-content\/uploads\/2023\/08\/Teplaky_huby_zelene-1024x683.jpg 1024w, https:\/\/www.mariakurty.com\/wp-content\/uploads\/2023\/08\/Teplaky_huby_zelene-400x267.jpg 400w, https:\/\/www.mariakurty.com\/wp-content\/uploads\/2023\/08\/Teplaky_huby_zelene-768x512.jpg 768w, https:\/\/www.mariakurty.com\/wp-content\/uploads\/2023\/08\/Teplaky_huby_zelene-1536x1024.jpg 1536w, https:\/\/www.mariakurty.com\/wp-content\/uploads\/2023\/08\/Teplaky_huby_zelene-2048x1365.jpg 2048w, https:\/\/www.mariakurty.com\/wp-content\/uploads\/2023\/08\/Teplaky_huby_zelene-18x12.jpg 18w\" sizes=\"auto, (max-width: 1024px) 100vw, 1024px\" \/><figcaption class=\"wp-element-caption\">Vzor &#8222;Lesn\u00e9 huby na zelenom pozad\u00ed&#8220; pou\u017eit\u00fd na tepl\u00e1\u010dikoch. Vhodn\u00fd pre diev\u010dat aj chlapcov. (ZDROJ: Maria Kurty)<\/figcaption><\/figure>\n\n\n\n<h5 class=\"wp-block-heading\">4. Lesn\u00e9 huby na svetlom pozad\u00ed<\/h5>\n\n\n\n<figure class=\"wp-block-image size-large\"><img loading=\"lazy\" decoding=\"async\" width=\"1024\" height=\"683\" src=\"https:\/\/www.mariakurty.com\/wp-content\/uploads\/2023\/08\/Overal_svetle_huby-1024x683.jpg\" alt=\"\" class=\"wp-image-2851\" srcset=\"https:\/\/www.mariakurty.com\/wp-content\/uploads\/2023\/08\/Overal_svetle_huby-1024x683.jpg 1024w, https:\/\/www.mariakurty.com\/wp-content\/uploads\/2023\/08\/Overal_svetle_huby-400x267.jpg 400w, https:\/\/www.mariakurty.com\/wp-content\/uploads\/2023\/08\/Overal_svetle_huby-768x512.jpg 768w, https:\/\/www.mariakurty.com\/wp-content\/uploads\/2023\/08\/Overal_svetle_huby-1536x1024.jpg 1536w, https:\/\/www.mariakurty.com\/wp-content\/uploads\/2023\/08\/Overal_svetle_huby-2048x1365.jpg 2048w, https:\/\/www.mariakurty.com\/wp-content\/uploads\/2023\/08\/Overal_svetle_huby-18x12.jpg 18w\" sizes=\"auto, (max-width: 1024px) 100vw, 1024px\" \/><figcaption class=\"wp-element-caption\">Vzor &#8222;Lesn\u00e9 huby na svetlom pozad\u00ed&#8220; pou\u017eit\u00fd na teplom overale. (ZDROJ: Maria Kurty)<\/figcaption><\/figure>\n\n\n<style>.wp-block-kadence-spacer.kt-block-spacer-2833_4d37c6-ce .kt-block-spacer{height:30px;}.wp-block-kadence-spacer.kt-block-spacer-2833_4d37c6-ce .kt-divider{border-top-width:2px;border-top-color:#eee;width:80%;border-top-style:solid;}<\/style>\n<div class=\"wp-block-kadence-spacer aligncenter kt-block-spacer-2833_4d37c6-ce\"><div class=\"kt-block-spacer kt-block-spacer-halign-center\"><hr class=\"kt-divider\"\/><\/div><\/div>\n\n\n\n<p><em>Upozornenie: Produkty na obr\u00e1zkoch NIE S\u00da RE\u00c1LNE v\u00fdrobky, s\u00fa to tzv. Mock-ups, to znamen\u00e1 po\u010d\u00edta\u010dom upraven\u00e9 fotografie, ktor\u00e9 sa pou\u017e\u00edvaj\u00fa pre lep\u0161iu predstavu pou\u017eitia vzoru na produktoch. Farby vzorov s\u00fa ovplyvnen\u00e9 materi\u00e1lom, na ktor\u00fd sa tla\u010d\u00ed a sp\u00f4sobom tla\u010de. Na ka\u017edej l\u00e1tky m\u00f4\u017ee rovnak\u00fd vzor vyzera\u0165 inak.<\/em> <em>N\u00e1zvy vzorov na str\u00e1nke Needles sa m\u00f4\u017eu odli\u0161ova\u0165.<\/em><\/p>\n\n\n<style>.wp-block-kadence-spacer.kt-block-spacer-2833_e37720-49 .kt-block-spacer{height:30px;}.wp-block-kadence-spacer.kt-block-spacer-2833_e37720-49 .kt-divider{border-top-width:2px;border-top-color:#eee;width:80%;border-top-style:solid;}<\/style>\n<div class=\"wp-block-kadence-spacer aligncenter kt-block-spacer-2833_e37720-49\"><div class=\"kt-block-spacer kt-block-spacer-halign-center\"><hr class=\"kt-divider\"\/><\/div><\/div>\n\n\n\n<p>Sna\u017eili sme sa o v\u00fdber vzorov, ktor\u00e9 dok\u00e1\u017eu oslovi\u0165 \u0161irok\u00fd okruh z\u00e1kazn\u00edkov, od det\u00ed po dospel\u00fdch, chlapcov aj diev\u010dat\u00e1. S\u00fa elegantn\u00e9 a hrav\u00e9 z\u00e1rove\u0148, \u010do umo\u017e\u0148uje ich vyu\u017eitie na r\u00f4zne druhy oble\u010denia a (bytov\u00fdch) doplnkov. Nech u\u017e ide o sukne, nohavice, bundy, ta\u0161ky, utierky, \u010di oblie\u010dky, tieto vzory prines\u00fa jesenn\u00fa atmosf\u00e9ru a rados\u0165 do ka\u017ed\u00e9ho outfitu \u010di dom\u00e1cnosti.<\/p>\n\n\n\n<p>Vzory si u\u017e onedlho m\u00f4\u017eete da\u0165 vytla\u010di\u0165 na ktor\u00fako\u013evek zo \u0161irokej ponuky l\u00e1tok <a rel=\"noreferrer noopener\" href=\"https:\/\/www.needles.sk\/kolekcie\/7\/slovenski-ilustratori\" target=\"_blank\">Needles<\/a>. <\/p>\n\n\n\n<figure class=\"wp-block-image size-large\"><img loading=\"lazy\" decoding=\"async\" width=\"1024\" height=\"683\" src=\"https:\/\/www.mariakurty.com\/wp-content\/uploads\/2023\/09\/21-1024x683.png\" alt=\"\" class=\"wp-image-2875\" srcset=\"https:\/\/www.mariakurty.com\/wp-content\/uploads\/2023\/09\/21-1024x683.png 1024w, https:\/\/www.mariakurty.com\/wp-content\/uploads\/2023\/09\/21-400x267.png 400w, https:\/\/www.mariakurty.com\/wp-content\/uploads\/2023\/09\/21-768x512.png 768w, https:\/\/www.mariakurty.com\/wp-content\/uploads\/2023\/09\/21-1536x1024.png 1536w, https:\/\/www.mariakurty.com\/wp-content\/uploads\/2023\/09\/21-2048x1365.png 2048w, https:\/\/www.mariakurty.com\/wp-content\/uploads\/2023\/09\/21-18x12.png 18w\" sizes=\"auto, (max-width: 1024px) 100vw, 1024px\" \/><figcaption class=\"wp-element-caption\">Podkolekcia &#8222;Ahoj, jelen\u010dek! (ZDROJ: Maria Kurty)<\/figcaption><\/figure>\n\n\n\n<p>Spolu s Deniskou z Needles sme v\u017edy nad\u0161en\u00e9, \u017ee m\u00f4\u017eeme by\u0165 s\u00fa\u010das\u0165ou va\u0161ich  projektov a kreat\u00edvnych v\u00fdtvorov. Te\u0161\u00edme sa, ako na\u0161e l\u00e1tky o\u017eij\u00fa vo va\u0161ich ruk\u00e1ch a prines\u00fa do va\u0161ich \u017eivotov jesenn\u00fa rados\u0165 a pohodu. D\u00fafame, \u017ee v\u00e1s aj t\u00e1to kolekcia in\u0161piruje k vytv\u00e1raniu n\u00e1dhern\u00fdch k\u00faskov, ktor\u00e9 v\u00e1m bud\u00fa pripom\u00edna\u0165 kr\u00e1su \u00fa\u017easn\u00e9ho obdobia, ktor\u00fdm jese\u0148 nepochybne je. Preto svoje v\u00fdtvory nezabudnite s nami zdie\u013ea\u0165 na soci\u00e1lnych sie\u0165ach a ozna\u010dte <a href=\"https:\/\/www.instagram.com\/maria.kurty\/\" target=\"_blank\" rel=\"noreferrer noopener\">@maria.kurty<\/a> and <a href=\"https:\/\/www.instagram.com\/needles_bb\/\" target=\"_blank\" rel=\"noreferrer noopener\">@needles_bb<\/a> \ud83d\ude09 <\/p>\n\n\n\n<p>\u010eakujeme, \u017ee ste si vybrali na\u0161e l\u00e1tky a te\u0161\u00edme sa na \u010fal\u0161ie jesenn\u00e9 dobrodru\u017estv\u00e1 spolu s vami!<\/p>","protected":false},"excerpt":{"rendered":"<p>Najnov\u0161ia kolekcia l\u00e1tok, ktor\u00fa sme pripravili spolu s Needles v Banskej Bystrici, na v\u00e1s d\u00fdchne atmosf\u00e9ru lesa a jesenn\u00fdch z\u00e1hrad. Vzory v kolekcii s\u00fa u\u017e tradi\u010dne v minimalistickej\u0161om \u0161t\u00fdle, hrav\u00e9 a elegantn\u00e9 z\u00e1rove\u0148, v \u0161t\u00fdle, ktor\u00fd oslov\u00ed deti aj dospel\u00fdch, chlapcov aj diev\u010dat\u00e1. Po\u010fme na to!<\/p>","protected":false},"author":1,"featured_media":2866,"comment_status":"closed","ping_status":"open","sticky":false,"template":"","format":"standard","meta":{"_kad_post_transparent":"","_kad_post_title":"","_kad_post_layout":"","_kad_post_sidebar_id":"","_kad_post_content_style":"","_kad_post_vertical_padding":"","_kad_post_feature":"","_kad_post_feature_position":"","_kad_post_header":false,"_kad_post_footer":false,"_kad_post_classname":"","footnotes":""},"categories":[39],"tags":[123,120,41,57,125,40,121,124,126,122],"class_list":["post-2833","post","type-post","status-publish","format-standard","has-post-thumbnail","hentry","category-kolekcie","tag-jesen","tag-jesenna-kolekcia","tag-kolekcia","tag-kolekcie-2023","tag-kvetinova-latka","tag-latka","tag-les","tag-pre-deti","tag-zvieraci-motiv","tag-zvieratka"],"_links":{"self":[{"href":"https:\/\/www.mariakurty.com\/en\/wp-json\/wp\/v2\/posts\/2833","targetHints":{"allow":["GET"]}}],"collection":[{"href":"https:\/\/www.mariakurty.com\/en\/wp-json\/wp\/v2\/posts"}],"about":[{"href":"https:\/\/www.mariakurty.com\/en\/wp-json\/wp\/v2\/types\/post"}],"author":[{"embeddable":true,"href":"https:\/\/www.mariakurty.com\/en\/wp-json\/wp\/v2\/users\/1"}],"replies":[{"embeddable":true,"href":"https:\/\/www.mariakurty.com\/en\/wp-json\/wp\/v2\/comments?post=2833"}],"version-history":[{"count":5,"href":"https:\/\/www.mariakurty.com\/en\/wp-json\/wp\/v2\/posts\/2833\/revisions"}],"predecessor-version":[{"id":2876,"href":"https:\/\/www.mariakurty.com\/en\/wp-json\/wp\/v2\/posts\/2833\/revisions\/2876"}],"wp:featuredmedia":[{"embeddable":true,"href":"https:\/\/www.mariakurty.com\/en\/wp-json\/wp\/v2\/media\/2866"}],"wp:attachment":[{"href":"https:\/\/www.mariakurty.com\/en\/wp-json\/wp\/v2\/media?parent=2833"}],"wp:term":[{"taxonomy":"category","embeddable":true,"href":"https:\/\/www.mariakurty.com\/en\/wp-json\/wp\/v2\/categories?post=2833"},{"taxonomy":"post_tag","embeddable":true,"href":"https:\/\/www.mariakurty.com\/en\/wp-json\/wp\/v2\/tags?post=2833"}],"curies":[{"name":"wp","href":"https:\/\/api.w.org\/{rel}","templated":true}]}}