{"id":2770,"date":"2023-09-06T15:48:26","date_gmt":"2023-09-06T13:48:26","guid":{"rendered":"https:\/\/www.mariakurty.com\/?p=2770"},"modified":"2023-09-06T15:48:26","modified_gmt":"2023-09-06T13:48:26","slug":"zaciatky-v-digitalnom-umeni-na-co-sa-zamerat-pri-vybere-ipadu","status":"publish","type":"post","link":"https:\/\/www.mariakurty.com\/en\/zaciatky-v-digitalnom-umeni-na-co-sa-zamerat-pri-vybere-ipadu\/","title":{"rendered":"Za\u010diatky v digit\u00e1lnom umen\u00ed &#8211; Na \u010do sa zamera\u0165 pri v\u00fdbere iPadu"},"content":{"rendered":"<p>Ak uva\u017euje\u0161 o tom, \u017ee sa za\u010dne\u0161 z nijak\u00e9ho d\u00f4vodu venova\u0165 digit\u00e1lnej ilustr\u00e1cii, pravdepodobne sn\u00edva\u0161 o k\u00fape nov\u00e9ho iPadu a u\u017e sa vid\u00ed\u0161, ako vytv\u00e1ra\u0161 \u00fa\u017easn\u00e9 obr\u00e1zky v Procreate, \u017ee? \ud83d\ude09 \u00daplne \u0165a ch\u00e1pem, ja som si t\u00fdm pre\u0161la pred troma rokmi a preto ve\u013emi dobre viem, ako sa c\u00edti\u0161. <\/p>\n\n\n\n<p>iPad je toti\u017e \u0161t\u00fdlov\u00e1 a \u0161ikovn\u00e1 veci\u010dka (ako v\u0161etko od Applu, \u010do si budeme klama\u0165 \ud83d\ude05), \u013eahk\u00e1, prenosn\u00e1 a okrem samotn\u00e9ho kreslenia sa na \u0148om d\u00e1 robi\u0165 kopa \u010fal\u0161\u00edch \u00fa\u017easn\u00fdch vec\u00ed. Jeho k\u00fapu ur\u010dite neo\u013eutuje\u0161. <\/p>\n\n\n\n<p>No na trhu sa to iPadmi len tak hem\u017e\u00ed, ka\u017ed\u00fd m\u00e1 in\u00e9 parametre, in\u00fa cenu, je v tom trochu neporiadok a vybra\u0165 si ten spr\u00e1vny nie je \u00faplne naj\u013eah\u0161ia vec na svete. Hlavne ke\u010f vieme, \u017ee to nie je z\u00e1le\u017eitos\u0165 za 20\u20ac, ale finan\u010dne n\u00e1ro\u010dnej\u0161ia k\u00fapa veci, ktor\u00e1 n\u00e1m bude vern\u00fdm spolo\u010dn\u00edkom pri tvoren\u00ed nieko\u013eko rokov. <\/p>\n\n\n\n<p>Rozhodovanie m\u00f4\u017ee by\u0165, hlavne pre za\u010diato\u010dn\u00edka, zlo\u017eit\u00e9 a preto v\u00e1m dnes prin\u00e1\u0161am nieko\u013eko tipov a krit\u00e9ri\u00ed, ktor\u00e9 v\u00e1m pom\u00f4\u017eu pri v\u00fdbere. V tomto \u010dl\u00e1nku sa pozrieme na r\u00f4zne typy iPadov, ceny, ve\u013ekos\u0165 pam\u00e4te a displeja, a dokonca aj na to, \u010di je lep\u0161ie investova\u0165 do nov\u00e9ho alebo repasovan\u00e9ho iPadu. Podel\u00edm sa tie\u017e o svoju vlastn\u00fa sk\u00fasenos\u0165 s k\u00fapou m\u00f4jho prv\u00e9ho iPadu, ktor\u00fd pou\u017e\u00edvam dodnes. <\/p>\n\n\n\n<p>Pr\u00edjemn\u00e9 \u010d\u00edtanie!<\/p>\n\n\n\n<figure class=\"wp-block-image size-large is-resized\"><img loading=\"lazy\" decoding=\"async\" src=\"https:\/\/www.mariakurty.com\/wp-content\/uploads\/2023\/07\/Free-iPad-Pro-2022-Mockup-PSD2-1024x683.jpg\" alt=\"\" class=\"wp-image-2793\" style=\"width:787px;height:524px\" width=\"787\" height=\"524\" srcset=\"https:\/\/www.mariakurty.com\/wp-content\/uploads\/2023\/07\/Free-iPad-Pro-2022-Mockup-PSD2-1024x683.jpg 1024w, https:\/\/www.mariakurty.com\/wp-content\/uploads\/2023\/07\/Free-iPad-Pro-2022-Mockup-PSD2-400x267.jpg 400w, https:\/\/www.mariakurty.com\/wp-content\/uploads\/2023\/07\/Free-iPad-Pro-2022-Mockup-PSD2-768x512.jpg 768w, https:\/\/www.mariakurty.com\/wp-content\/uploads\/2023\/07\/Free-iPad-Pro-2022-Mockup-PSD2-1536x1025.jpg 1536w, https:\/\/www.mariakurty.com\/wp-content\/uploads\/2023\/07\/Free-iPad-Pro-2022-Mockup-PSD2-18x12.jpg 18w\" sizes=\"auto, (max-width: 787px) 100vw, 787px\" \/><\/figure>\n\n\n\n<h2 class=\"wp-block-heading\">Druhy iPadov<\/h2>\n\n\n\n<h5 class=\"wp-block-heading\">iPad Mini<\/h5>\n\n\n\n<p>Ako u\u017e z n\u00e1zvu vypl\u00fdva, Apple <a href=\"https:\/\/www.apple.com\/sk\/ipad-mini\/\"><strong>iPad mini<\/strong><\/a> je typick\u00fd svojim mal\u00fdm kompaktn\u00fdm dizajnom. Podobne ako ostatn\u00e9 modely, aj tento je kompatibiln\u00fd s Apple Pencil. Je \u013eahko prenosn\u00fd a skladn\u00fd, skvel\u00fd napr\u00edklad na pozn\u00e1mky, ale ak si chce\u0161 k\u00fapi\u0165 iPad na kreslenie, tento model ti sta\u010di\u0165 nebude. Jeho displej je len o nie\u010do v\u00e4\u010d\u0161\u00ed ako displej iPhone 14, navy\u0161e m\u00e1 menej v\u00fdkonn\u00fd procesor, \u010do by pri podpore grafick\u00fdch programov mohol by\u0165 probl\u00e9m.<\/p>\n\n\n\n<h5 class=\"wp-block-heading\">iPad<\/h5>\n\n\n\n<p><strong><a rel=\"noreferrer noopener\" href=\"https:\/\/www.apple.com\/sk\/ipad-select\/\" target=\"_blank\">Apple iPad<\/a>&nbsp;<\/strong>predstavuje z\u00e1kladn\u00fd model, ktor\u00fd je navy\u0161e cenovo najdostupnej\u0161\u00ed a ide\u00e1lny na be\u017en\u00e9 \u00falohy, hranie hier, ale aj nen\u00e1ro\u010dn\u00fa pr\u00e1cu. Tak\u017ee pokia\u013e sa nechyst\u00e1te tablet pou\u017e\u00edva\u0165 na profesion\u00e1lne \u00fa\u010dely, iPad v\u00e1m so svojimi skvel\u00fdmi vlastnos\u0165ami ur\u010dite posta\u010d\u00ed. Je tie\u017e kompatibiln\u00fd s Apple Pencil.<\/p>\n\n\n\n<h5 class=\"wp-block-heading\">iPad Air<\/h5>\n\n\n\n<p><a href=\"https:\/\/www.apple.com\/sk\/ipad-air\/\"><strong>Apple iPad Air<\/strong><\/a> by sme mohli pokojne ozna\u010di\u0165 ako lacnej\u0161iu a trochu od\u013eah\u010den\u00fa verziu 11&#8243; iPadu Pro. Najnov\u0161\u00ed model u\u017e m\u00e1 \u010dip M1 (druh\u00fd najlep\u0161\u00ed v pr\u00edpade iPadov) a tie\u017e 8 jadrov\u00fd procesor. Jeho funkcie s\u00fa ve\u013emi podobn\u00e9 iPadu Pro 11&#8243; a ja ho pova\u017eujem za zlat\u00fa stredn\u00fa cestu.<\/p>\n\n\n\n<h5 class=\"wp-block-heading\">iPad Pro<\/h5>\n\n\n\n<p><strong><a href=\"https:\/\/www.apple.com\/sk\/ipad-pro\/\" target=\"_blank\" rel=\"noreferrer noopener\">Apple Ipad Pro<\/a> <\/strong>je najvymakanej\u0161\u00ed spomedzi iPadov. M\u00e1 dve ve\u013ekosti displeja 11&#8243; a 12,9&#8243;. Ve\u013ekos\u0165 pam\u00e4te dosahuje a\u017e 2 TB, m\u00e1 najv\u00fdkonnej\u0161\u00ed procesor a porad\u00ed si aj s n\u00e1ro\u010dn\u00fdmi grafick\u00fdmi programami a aplik\u00e1ciami. Je&nbsp;to najlep\u0161ie a najr\u00fdchlej\u0161ie zariadenie svojho druhu&nbsp;a pochopite\u013ene preto m\u00e1 aj najvy\u0161\u0161iu cenu.<\/p>\n\n\n\n<figure class=\"wp-block-image size-large\"><img loading=\"lazy\" decoding=\"async\" width=\"1024\" height=\"683\" src=\"https:\/\/www.mariakurty.com\/wp-content\/uploads\/2023\/07\/mukul-joshi-O-cLHKU_IIc-unsplash2-1024x683.jpg\" alt=\"\" class=\"wp-image-2794\" srcset=\"https:\/\/www.mariakurty.com\/wp-content\/uploads\/2023\/07\/mukul-joshi-O-cLHKU_IIc-unsplash2-1024x683.jpg 1024w, https:\/\/www.mariakurty.com\/wp-content\/uploads\/2023\/07\/mukul-joshi-O-cLHKU_IIc-unsplash2-400x267.jpg 400w, https:\/\/www.mariakurty.com\/wp-content\/uploads\/2023\/07\/mukul-joshi-O-cLHKU_IIc-unsplash2-768x512.jpg 768w, https:\/\/www.mariakurty.com\/wp-content\/uploads\/2023\/07\/mukul-joshi-O-cLHKU_IIc-unsplash2-1536x1024.jpg 1536w, https:\/\/www.mariakurty.com\/wp-content\/uploads\/2023\/07\/mukul-joshi-O-cLHKU_IIc-unsplash2-2048x1366.jpg 2048w, https:\/\/www.mariakurty.com\/wp-content\/uploads\/2023\/07\/mukul-joshi-O-cLHKU_IIc-unsplash2-18x12.jpg 18w\" sizes=\"auto, (max-width: 1024px) 100vw, 1024px\" \/><figcaption class=\"wp-element-caption\">Star\u0161ie typy iPadov s\u00fa kompatibiln\u00e9 s Apple Pencil 1.gener\u00e1cie (vy\u0161\u0161ie), nov\u0161ie modely s\u00fa kompatibiln\u00e9 s Apple Pencil 2.gener\u00e1cie (ni\u017e\u0161ie). Obe sa st\u00e1le daj\u00fa k\u00fapi\u0165 a preto si treba da\u0165 pozor na to, s ktorou z nich je kompatibiln\u00fd v\u00e1\u0161 iPad. (ZDROJ FOTO: Unplash.com)<\/figcaption><\/figure>\n\n\n\n<h2 class=\"wp-block-heading\">\u010co bra\u0165 do \u00favahy pred k\u00fapou iPadu?<\/h2>\n\n\n\n<p>Pred k\u00fapou iPadu si treba polo\u017ei\u0165 2 z\u00e1kladn\u00e9 ot\u00e1zky:<\/p>\n\n\n\n<p class=\"has-theme-palette-1-color has-text-color\"><strong>1. Na \u010do chcem iPad pou\u017e\u00edva\u0165?<\/strong><\/p>\n\n\n\n<p>Chcem na \u0148om len kresli\u0165, alebo ho chcem pou\u017e\u00edva\u0165 ako svoj hlavn\u00fd pracovn\u00fd n\u00e1stroj a robi\u0165 na \u0148om v\u0161etko od kreslenia, cez tvorbu vide\u00ed, \u00fapravu fotiek, spr\u00e1vu e-mailov a pod?  Je digit\u00e1lna kresba len moje hobby, alebo sa jej chcem venova\u0165 profesion\u00e1lne? O\u010dak\u00e1vam, \u017ee sa mi n\u00e1klady investovan\u00e9 do iPadu vr\u00e1tia? Budem kresli\u0165 denne alebo len ob\u010das? Aj toto s\u00fa veci, nad ktor\u00fdmi by sme sa mali dobre zamyslie\u0165. <\/p>\n\n\n\n<p class=\"has-theme-palette-1-color has-text-color\"><strong>2. Ko\u013eko som ochotn\u00e1 do neho investova\u0165?<\/strong><\/p>\n\n\n\n<p>V\u0161eobecn\u00e9 odpor\u00fa\u010danie pri k\u00fape tabletu, s ktor\u00fdm som sa ja naj\u010dastej\u0161ie stretla je: K\u00fap si najdrah\u0161\u00ed model, ak\u00fd si m\u00f4\u017ee\u0161 dovoli\u0165. Ja by som sk\u00f4r povedala &#8211; ur\u010di si finan\u010dn\u00fd strop, do ktor\u00e9ho sa chce\u0161 vojs\u0165 a kone\u010dn\u00fd v\u00fdber prisp\u00f4sob nasleduj\u00facim parametrom:<\/p>\n\n\n\n<h4 class=\"wp-block-heading\">Budget<\/h4>\n\n\n\n<p>Na trhu je ve\u013ek\u00e9 mno\u017estvo modelov iPadov, ktor\u00e9 sa l\u00ed\u0161ia svojimi parametrami a t\u00fdm p\u00e1dom aj cenou. Moment\u00e1lne (j\u00fal 2023) sa cena najnov\u0161\u00edch modelov pohybuje od cca 500\u20ac za iPad mini a\u017e po nie\u010do cez 3000\u20ac za najnadupanej\u0161iu verziu iPad Pro. St\u00e1le je tu mo\u017enos\u0165 k\u00fapi\u0165 si aj star\u0161ie modely, ktor\u00fdch cena je pri ka\u017edom type ni\u017e\u0161ia. V ka\u017edej cenovej kateg\u00f3rii sa d\u00e1 n\u00e1js\u0165 dobr\u00fd model, aj ke\u010f mo\u017eno bude treba urobi\u0165 mal\u00fd kompromis. Do budgetu treba zar\u00e1ta\u0165 aj cenu za Apple Pencil, ja osobne in\u00fd stylus  neodpor\u00fa\u010dam. Cena sa pohybuje do 130\u20ac.<\/p>\n\n\n\n<h4 class=\"wp-block-heading\">Ve\u013ekos\u0165 displeja<\/h4>\n\n\n\n<p>Jedn\u00fdm zo z\u00e1kladn\u00fdch parametrov, na ktor\u00e9 treba pozera\u0165 pri v\u00fdbere tabletu na ktorom chceme kreslen\u00edm str\u00e1vi\u0165 v\u00e4\u010d\u0161ie mno\u017estvo \u010dasu, je ve\u013ekos\u0165 displeja. Av\u0161ak plat\u00ed &#8211; \u010d\u00edm v\u00e4\u010d\u0161\u00ed displej, t\u00fdm drah\u0161\u00ed model. A tie\u017e \u0165a\u017e\u0161\u00ed a n\u00e1ro\u010dnej\u0161\u00ed na pren\u00e1\u0161anie. Tak\u017ee:<\/p>\n\n\n\n<ul class=\"wp-block-list\">\n<li>Ak potrebuje\u0161 by\u0165 mobiln\u00e1, alebo ti nevad\u00ed men\u0161\u00ed displej, k\u013eudne osta\u0148 pri niektorom z 11&#8243; modelov. Ani tento displej nie je a\u017e tak\u00fd mal\u00fd.<\/li>\n\n\n\n<li>Ak chce\u0161 ve\u013ek\u00fa plochu na kreslenie, pl\u00e1nuje\u0161 kresli\u0165 hlavne za stolom, nepotrebuje\u0161 tablet v\u0161ade nosi\u0165 so sebou a m\u00f4\u017ee\u0161 si to finan\u010dne dovoli\u0165, vyber si tablet s 12,9&#8243; displejom. A hlavne v pr\u00edpade, ak m\u00e1 by\u0165 tablet tvojim hlavn\u00fdm pracovn\u00fdm n\u00e1strojom a takmer \u00faplne nahradi\u0165 po\u010d\u00edta\u010d, bude to lep\u0161ie rie\u0161enie aj pre tvoje o\u010di. Tak\u00fdto displej m\u00e1 v\u0161ak len iPad Pro, preto treba r\u00e1ta\u0165 s vy\u0161\u0161ou cenou.<\/li>\n<\/ul>\n\n\n\n<h5 class=\"wp-block-heading\">Ve\u013ekos\u0165 pam\u00e4te<\/h5>\n\n\n\n<p>Pre m\u0148a je ve\u013ekos\u0165 pam\u00e4te asi najd\u00f4le\u017eitej\u0161\u00ed parameter, ak pl\u00e1nuje\u0161 ve\u013ea kresli\u0165 a tie\u017e v pr\u00edpade, ak tablet bude\u0161 pou\u017e\u00edva\u0165 aj na robenie a \u00fapravu vide\u00ed \u010di fotiek. V tomto pr\u00edpade je moja rada jasn\u00e1 &#8211; bez oh\u013eadu na to, ak\u00fd model iPadu si vyberie\u0161, cho\u010f do verzie s \u010do najv\u00e4\u010d\u0161ou kapacitou pam\u00e4te. Ak pl\u00e1nuje\u0161 pracova\u0165 s aplik\u00e1ciou Procreate, bude pre teba d\u00f4le\u017eit\u00e1 tie\u017e ve\u013ekos\u0165 RAM (pam\u00e4\u0165ovej karty tabletu). \u010c\u00edm je toti\u017e v\u00e4\u010d\u0161ia ve\u013ekos\u0165 RAM, t\u00fdm viac hlad\u00edn m\u00f4\u017ee\u0161 v aplik\u00e1cii pri kreslen\u00ed pou\u017ei\u0165. A viac hlad\u00edn = v\u00e4\u010d\u0161ia sloboda pri kreslen\u00ed a jednoduch\u0161ia edit\u00e1cia.<\/p>\n\n\n\n<h5 class=\"wp-block-heading\">Rok v\u00fdroby<\/h5>\n\n\n\n<p>Apple vyd\u00e1va nov\u00fd model nejak\u00e9ho iPadu ka\u017ed\u00fd rok. Niekedy s\u00fa rozdiely medzi modelmi dos\u0165 ve\u013ek\u00e9, inokedy ani nie. Preto rok v\u00fdroby nehr\u00e1 a\u017e tak\u00fa d\u00f4le\u017eit\u00fa \u00falohu. Hlavne, ak m\u00e1\u0161 ni\u017es\u00ed rozpo\u010det, k\u00fapou star\u0161ieho modelu m\u00f4\u017ee\u0161 z\u00edska\u0165 lep\u0161ie parametre vzh\u013eadom k tvojmu budgetu. V\u017edy si treba porovna\u0165 r\u00f4zne modely v tvojej cenovej rel\u00e1cii, aby si na\u0161la ten, ktor\u00fd ti bude vyhovova\u0165 najviac. No ne\u0161la by som u\u017e do modelu star\u0161ieho ako z roku 2020.<\/p>\n\n\n\n<h5 class=\"wp-block-heading\">Nov\u00fd alebo repasovan\u00fd?<\/h5>\n\n\n\n<p>K\u00fapa repasovan\u00e9ho tabletu je tie\u017e jednou z mo\u017enost\u00ed, ako u\u0161etri\u0165 nieko\u013eko 100\u20ac a za svoje peniaze dosta\u0165 viac. Repasovanie&nbsp;je proces, po\u010das ktor\u00e9ho sa pou\u017e\u00edvan\u00fd tablet vr\u00e1ti do p\u00f4vodn\u00e9ho stavu a v\u00fdkonu a funguje rovnako ako \u00faplne nov\u00e9 zariadenie. Niektor\u00e9 s\u00fa\u010diastky m\u00f4\u017eu by\u0165 v pr\u00edpade poruchy nahraden\u00e9 nov\u00fdmi, funk\u010dn\u00fdmi. Samozrejmos\u0165ou je aj z\u00e1ruka, ktor\u00fa z\u00e1kazn\u00edk pri n\u00e1kupe&nbsp;repasovan\u00e9ho&nbsp;tabletu z\u00edska (minim\u00e1lne 1 rok).  V\u00e4\u010d\u0161inou ide o trochu star\u0161ie modely, ke\u010f\u017ee najnov\u0161ie sa e\u0161te na repasovanie nedostali. A \u010do je ich najv\u00e4\u010d\u0161ou v\u00fdhodou? K\u00fapou repasovan\u00fdch zariaden\u00ed (nielen tabletov):<br>&#8211; zni\u017eujete odpad,&nbsp;<br>&#8211; prispievate k \u00faspore surov\u00edn, ako s\u00fa kovy, plasty a vz\u00e1cne materi\u00e1ly,<br>&#8211; minimalizujete emisie sklen\u00edkov\u00fdch plynov a mnoho \u010fal\u0161ieho.<\/p>\n\n\n\n<p>No ak vyslovene potrebuje\u0161 \u010do najv\u00fdkonnej\u0161ie zariadenie a m\u00f4\u017ee\u0161 si ho dovoli\u0165, potom cho\u010f do najlep\u0161ieho nov\u00e9ho modelu. Ako som u\u017e spom\u00ednala vy\u0161\u0161ie, najnov\u0161ie modely toti\u017e ako repasovan\u00e9 nen\u00e1jde\u0161 (e\u0161te je na to skoro).<\/p>\n\n\n\n<h2 class=\"wp-block-heading\">A ak\u00fd iPad pou\u017e\u00edvam ja?<\/h2>\n\n\n\n<p>Mo\u017eno v\u00e1s to prekvap\u00ed, ale ja patr\u00edm do skupiny \u013eud\u00ed s n\u00edzkym budgetom na k\u00fapu tabletu. Na svoj prv\u00fd iPad som \u010dakala vy\u0161e roka, k\u00fdm som si na\u0148 na\u0161etrila. K\u00fapila som si ho v roku 2020 a je to model Apple iPad Air 3. gener\u00e1cie s ve\u013ekos\u0165ou pam\u00e4te 64 GB &#8211; <a rel=\"noreferrer noopener\" href=\"https:\/\/www.backmarket.sk\/sk-sk\/p\/ipad-air-3-2019-hdd-64-gb-strieborna-wifi-4g\/d5d2fbeb-ca78-4728-a58b-c0dfc3abbcce#scroll=false\" target=\"_blank\">presne tento<\/a>, kompatibiln\u00fd s Apple Pencil 1. gener\u00e1cie. Pou\u017e\u00edvam ho doteraz a na to, \u010do na \u0148om rob\u00edm, mi \u00faplne sta\u010d\u00ed. Mus\u00edm v\u0161ak poveda\u0165, \u017ee ja na \u0148om premakan\u00e9 ilustr\u00e1cie kresl\u00edm len pr\u00edle\u017eitostne. M\u00f4j nosn\u00fd pracovn\u00fd n\u00e1stroj je po\u010d\u00edta\u010d a program Adobe Illustrator a iPad a Procreate pou\u017e\u00edvam hlavne na kreslenie prvkov do mojich vzorov, ktor\u00e9 nesk\u00f4r upravujem v po\u010d\u00edta\u010di. Inak je super \u013eahk\u00fd a prenosn\u00fd, jeho nev\u00fdhodou je men\u0161\u00ed displej a mal\u00e1 pam\u00e4\u0165, ale v tom \u010dase to bol najlep\u0161\u00ed model, ktor\u00fd som si mohla dovoli\u0165. Sranda je, \u017ee jeho cena sa ani po 4 rokoch od vydania a\u017e tak nezmenila \ud83d\ude04<\/p>\n\n\n\n<figure class=\"wp-block-image size-large\"><img loading=\"lazy\" decoding=\"async\" width=\"1024\" height=\"768\" src=\"https:\/\/www.mariakurty.com\/wp-content\/uploads\/2023\/07\/IMG_1962-1024x768.jpg\" alt=\"\" class=\"wp-image-2792\" srcset=\"https:\/\/www.mariakurty.com\/wp-content\/uploads\/2023\/07\/IMG_1962-1024x768.jpg 1024w, https:\/\/www.mariakurty.com\/wp-content\/uploads\/2023\/07\/IMG_1962-400x300.jpg 400w, https:\/\/www.mariakurty.com\/wp-content\/uploads\/2023\/07\/IMG_1962-768x576.jpg 768w, https:\/\/www.mariakurty.com\/wp-content\/uploads\/2023\/07\/IMG_1962-1536x1152.jpg 1536w, https:\/\/www.mariakurty.com\/wp-content\/uploads\/2023\/07\/IMG_1962-2048x1536.jpg 2048w, https:\/\/www.mariakurty.com\/wp-content\/uploads\/2023\/07\/IMG_1962-16x12.jpg 16w\" sizes=\"auto, (max-width: 1024px) 100vw, 1024px\" \/><figcaption class=\"wp-element-caption\">Moja v\u00fdbava sa sklad\u00e1 z iPadu Air (2019) a Apple Pencil 1.gener\u00e1cie. Dok\u00fapi\u0165 si m\u00f4\u017ee\u0161 tie\u017e matn\u00fa f\u00f3liu na displej, obal a \u0161peci\u00e1lnu rukavicu na kreslenie. (ZDROJ: Maria Kurty)<\/figcaption><\/figure>\n\n\n\n<h2 class=\"wp-block-heading\">Sum\u00e1r<\/h2>\n\n\n<style>.wp-block-kadence-iconlist.kt-svg-icon-list-items2770_af1083-91:not(.this-stops-third-party-issues){margin-top:0px;margin-bottom:0px;}.wp-block-kadence-iconlist.kt-svg-icon-list-items2770_af1083-91 ul.kt-svg-icon-list:not(.this-prevents-issues):not(.this-stops-third-party-issues):not(.tijsloc){margin-top:0px;margin-right:0px;margin-bottom:var(--global-kb-spacing-sm, 1.5rem);margin-left:0px;}.wp-block-kadence-iconlist.kt-svg-icon-list-items2770_af1083-91 ul.kt-svg-icon-list{grid-row-gap:5px;}.wp-block-kadence-iconlist.kt-svg-icon-list-items2770_af1083-91 ul.kt-svg-icon-list .kt-svg-icon-list-item-wrap .kt-svg-icon-list-single{margin-right:10px;}.kt-svg-icon-list-items2770_af1083-91 ul.kt-svg-icon-list .kt-svg-icon-list-level-0 .kt-svg-icon-list-single svg{font-size:20px;}<\/style>\n<div class=\"wp-block-kadence-iconlist kt-svg-icon-list-items kt-svg-icon-list-items2770_af1083-91 kt-svg-icon-list-columns-1 alignnone\"><ul class=\"kt-svg-icon-list\"><style>.kt-svg-icon-list-item-2770_dbf4b9-46 .kt-svg-icon-list-text mark.kt-highlight{background-color:unset;font-style:normal;color:#f76a0c;-webkit-box-decoration-break:clone;box-decoration-break:clone;padding-top:0px;padding-right:0px;padding-bottom:0px;padding-left:0px;}<\/style>\n<li class=\"wp-block-kadence-listitem kt-svg-icon-list-item-wrap kt-svg-icon-list-item-2770_dbf4b9-46\"><span class=\"kb-svg-icon-wrap kb-svg-icon-fe_checkCircle kt-svg-icon-list-single\"><svg viewbox=\"0 0 24 24\"  fill=\"none\" stroke=\"currentColor\" stroke-width=\"2\" stroke-linecap=\"round\" stroke-linejoin=\"round\" xmlns=\"http:\/\/www.w3.org\/2000\/svg\"  aria-hidden=\"true\"><path d=\"M22 11.08V12a10 10 0 1 1-5.93-9.14\"\/><polyline points=\"22 4 12 14.01 9 11.01\"\/><\/svg><\/span><span class=\"kt-svg-icon-list-text\">Ujasni si, ako \u010dasto a na \u010do bude\u0161 iPad pou\u017e\u00edva\u0165 a ko\u013eko si do neho m\u00f4\u017ee\u0161 dovoli\u0165 investova\u0165<\/span><\/li>\n\n\n<style>.kt-svg-icon-list-item-2770_5371ba-a6 .kt-svg-icon-list-text mark.kt-highlight{background-color:unset;font-style:normal;color:#f76a0c;-webkit-box-decoration-break:clone;box-decoration-break:clone;padding-top:0px;padding-right:0px;padding-bottom:0px;padding-left:0px;}<\/style>\n<li class=\"wp-block-kadence-listitem kt-svg-icon-list-item-wrap kt-svg-icon-list-item-2770_5371ba-a6\"><span class=\"kb-svg-icon-wrap kb-svg-icon-fe_checkCircle kt-svg-icon-list-single\"><svg viewbox=\"0 0 24 24\"  fill=\"none\" stroke=\"currentColor\" stroke-width=\"2\" stroke-linecap=\"round\" stroke-linejoin=\"round\" xmlns=\"http:\/\/www.w3.org\/2000\/svg\"  aria-hidden=\"true\"><path d=\"M22 11.08V12a10 10 0 1 1-5.93-9.14\"\/><polyline points=\"22 4 12 14.01 9 11.01\"\/><\/svg><\/span><span class=\"kt-svg-icon-list-text\">Ak je digit\u00e1lna ilustr\u00e1cia len tvoje hobby popri pr\u00e1ci a de\u0165och, dostane\u0161 sa k nemu raz za uhorsk\u00fd rok a nepl\u00e1nuje\u0161 sa tomu nejako naplno venova\u0165, \u00faplne ti posta\u010d\u00ed <strong><a href=\"https:\/\/tablety.heureka.sk\/f:14237:116375\/\" target=\"_blank\" rel=\"noreferrer noopener\">z\u00e1kladn\u00fd iPad<\/a><\/strong>. <\/span><\/li>\n\n\n<style>.kt-svg-icon-list-item-2770_7871c3-b1 .kt-svg-icon-list-text mark.kt-highlight{background-color:unset;font-style:normal;color:#f76a0c;-webkit-box-decoration-break:clone;box-decoration-break:clone;padding-top:0px;padding-right:0px;padding-bottom:0px;padding-left:0px;}<\/style>\n<li class=\"wp-block-kadence-listitem kt-svg-icon-list-item-wrap kt-svg-icon-list-item-2770_7871c3-b1\"><span class=\"kb-svg-icon-wrap kb-svg-icon-fe_checkCircle kt-svg-icon-list-single\"><svg viewbox=\"0 0 24 24\"  fill=\"none\" stroke=\"currentColor\" stroke-width=\"2\" stroke-linecap=\"round\" stroke-linejoin=\"round\" xmlns=\"http:\/\/www.w3.org\/2000\/svg\"  aria-hidden=\"true\"><path d=\"M22 11.08V12a10 10 0 1 1-5.93-9.14\"\/><polyline points=\"22 4 12 14.01 9 11.01\"\/><\/svg><\/span><span class=\"kt-svg-icon-list-text\">Pl\u00e1nuje\u0161 si digit\u00e1lnou kresbou zar\u00e1ba\u0165, ale zatia\u013e je to tvoje hobby popri pr\u00e1ci a nem\u00f4\u017ee\u0161 si dovoli\u0165 drah\u00fd iPad Pro? Popozeraj sa po <strong><a href=\"https:\/\/tablety.heureka.sk\/f:q:ipad%20air\/\" target=\"_blank\" rel=\"noreferrer noopener\">iPade Air<\/a><\/strong>, je lacnej\u0161\u00ed ako iPad Pro a od 11 palcovej verzie sa a\u017e tak ve\u013emi nel\u00ed\u0161i. <\/span><\/li>\n\n\n<style>.kt-svg-icon-list-item-2770_5242bd-fe .kt-svg-icon-list-text mark.kt-highlight{background-color:unset;font-style:normal;color:#f76a0c;-webkit-box-decoration-break:clone;box-decoration-break:clone;padding-top:0px;padding-right:0px;padding-bottom:0px;padding-left:0px;}<\/style>\n<li class=\"wp-block-kadence-listitem kt-svg-icon-list-item-wrap kt-svg-icon-list-item-2770_5242bd-fe\"><span class=\"kb-svg-icon-wrap kb-svg-icon-fe_checkCircle kt-svg-icon-list-single\"><svg viewbox=\"0 0 24 24\"  fill=\"none\" stroke=\"currentColor\" stroke-width=\"2\" stroke-linecap=\"round\" stroke-linejoin=\"round\" xmlns=\"http:\/\/www.w3.org\/2000\/svg\"  aria-hidden=\"true\"><path d=\"M22 11.08V12a10 10 0 1 1-5.93-9.14\"\/><polyline points=\"22 4 12 14.01 9 11.01\"\/><\/svg><\/span><span class=\"kt-svg-icon-list-text\">U\u017e sa \u017eiv\u00ed\u0161 grafick\u00fdm dizajnom \u010di ilustr\u00e1ciou, m\u00e1\u0161 dobr\u00fd pr\u00edjem a chce\u0161 svoje umenie posun\u00fa\u0165 na vy\u0161\u0161\u00ed level? O\u010dak\u00e1va\u0161, \u017ee sa ti n\u00e1klady vr\u00e1tia? Cho\u010f do <strong><a href=\"https:\/\/tablety.heureka.sk\/f:q:ipad%20pro\/\" target=\"_blank\" rel=\"noreferrer noopener\">iPadu Pro<\/a><\/strong>, ur\u010dite vyu\u017eije\u0161 a ocen\u00ed\u0161 v\u0161etky kvality, ktor\u00e9 pon\u00faka.<\/span><\/li>\n\n\n<style>.kt-svg-icon-list-item-2770_37401c-bf .kt-svg-icon-list-text mark.kt-highlight{background-color:unset;font-style:normal;color:#f76a0c;-webkit-box-decoration-break:clone;box-decoration-break:clone;padding-top:0px;padding-right:0px;padding-bottom:0px;padding-left:0px;}<\/style>\n<li class=\"wp-block-kadence-listitem kt-svg-icon-list-item-wrap kt-svg-icon-list-item-2770_37401c-bf\"><span class=\"kb-svg-icon-wrap kb-svg-icon-fe_checkCircle kt-svg-icon-list-single\"><svg viewbox=\"0 0 24 24\"  fill=\"none\" stroke=\"currentColor\" stroke-width=\"2\" stroke-linecap=\"round\" stroke-linejoin=\"round\" xmlns=\"http:\/\/www.w3.org\/2000\/svg\"  aria-hidden=\"true\"><path d=\"M22 11.08V12a10 10 0 1 1-5.93-9.14\"\/><polyline points=\"22 4 12 14.01 9 11.01\"\/><\/svg><\/span><span class=\"kt-svg-icon-list-text\">Ve\u013ekos\u0165 displeja ovplyv\u0148uje cenu tabletu &#8211; \u010d\u00edm v\u00e4\u010d\u0161\u00ed displej, t\u00fdm drah\u0161\u00ed tablet.<\/span><\/li>\n\n\n<style>.kt-svg-icon-list-item-2770_44a004-b4 .kt-svg-icon-list-text mark.kt-highlight{background-color:unset;font-style:normal;color:#f76a0c;-webkit-box-decoration-break:clone;box-decoration-break:clone;padding-top:0px;padding-right:0px;padding-bottom:0px;padding-left:0px;}<\/style>\n<li class=\"wp-block-kadence-listitem kt-svg-icon-list-item-wrap kt-svg-icon-list-item-2770_44a004-b4\"><span class=\"kb-svg-icon-wrap kb-svg-icon-fe_checkCircle kt-svg-icon-list-single\"><svg viewbox=\"0 0 24 24\"  fill=\"none\" stroke=\"currentColor\" stroke-width=\"2\" stroke-linecap=\"round\" stroke-linejoin=\"round\" xmlns=\"http:\/\/www.w3.org\/2000\/svg\"  aria-hidden=\"true\"><path d=\"M22 11.08V12a10 10 0 1 1-5.93-9.14\"\/><polyline points=\"22 4 12 14.01 9 11.01\"\/><\/svg><\/span><span class=\"kt-svg-icon-list-text\">Vyber si tablet s \u010do najv\u00e4\u010d\u0161ou pam\u00e4\u0165ou a ve\u013ekos\u0165ou RAM v tvojej cenovej kateg\u00f3rii.<\/span><\/li>\n\n\n<style>.kt-svg-icon-list-item-2770_f74625-7e .kt-svg-icon-list-text mark.kt-highlight{background-color:unset;font-style:normal;color:#f76a0c;-webkit-box-decoration-break:clone;box-decoration-break:clone;padding-top:0px;padding-right:0px;padding-bottom:0px;padding-left:0px;}<\/style>\n<li class=\"wp-block-kadence-listitem kt-svg-icon-list-item-wrap kt-svg-icon-list-item-2770_f74625-7e\"><span class=\"kb-svg-icon-wrap kb-svg-icon-fe_checkCircle kt-svg-icon-list-single\"><svg viewbox=\"0 0 24 24\"  fill=\"none\" stroke=\"currentColor\" stroke-width=\"2\" stroke-linecap=\"round\" stroke-linejoin=\"round\" xmlns=\"http:\/\/www.w3.org\/2000\/svg\"  aria-hidden=\"true\"><path d=\"M22 11.08V12a10 10 0 1 1-5.93-9.14\"\/><polyline points=\"22 4 12 14.01 9 11.01\"\/><\/svg><\/span><span class=\"kt-svg-icon-list-text\">Pri k\u00fape star\u0161ieho modelu m\u00f4\u017ee\u0161 za rovnak\u00fa sumu dosta\u0165 viac.<\/span><\/li>\n\n\n<style>.kt-svg-icon-list-item-2770_0a7d42-5b .kt-svg-icon-list-text mark.kt-highlight{background-color:unset;font-style:normal;color:#f76a0c;-webkit-box-decoration-break:clone;box-decoration-break:clone;padding-top:0px;padding-right:0px;padding-bottom:0px;padding-left:0px;}<\/style>\n<li class=\"wp-block-kadence-listitem kt-svg-icon-list-item-wrap kt-svg-icon-list-item-2770_0a7d42-5b\"><span class=\"kb-svg-icon-wrap kb-svg-icon-fe_checkCircle kt-svg-icon-list-single\"><svg viewbox=\"0 0 24 24\"  fill=\"none\" stroke=\"currentColor\" stroke-width=\"2\" stroke-linecap=\"round\" stroke-linejoin=\"round\" xmlns=\"http:\/\/www.w3.org\/2000\/svg\"  aria-hidden=\"true\"><path d=\"M22 11.08V12a10 10 0 1 1-5.93-9.14\"\/><polyline points=\"22 4 12 14.01 9 11.01\"\/><\/svg><\/span><span class=\"kt-svg-icon-list-text\">To ist\u00e9 plat\u00ed aj pri k\u00fape repasovan\u00e9ho tabletu, navy\u0161e prispeje\u0161 k zn\u00ed\u017eeniu odpadu. No ak vyslovene potrebuje\u0161 \u010do najv\u00fdkonnej\u0161ie zariadenie a m\u00f4\u017ee\u0161 si ho dovoli\u0165, potom cho\u010f do \u010do najlep\u0161ieho nov\u00e9ho modelu. najnov\u0161ie modely toti\u017e ako repasovan\u00e9 nen\u00e1jde\u0161.<\/span><\/li>\n<\/ul><\/div>\n\n\n<style>.wp-block-kadence-spacer.kt-block-spacer-2770_8c47bd-fa .kt-block-spacer{height:60px;}.wp-block-kadence-spacer.kt-block-spacer-2770_8c47bd-fa .kt-divider{border-top-width:1px;height:1px;border-top-color:var(--global-palette3, #1A202C);width:80%;border-top-style:solid;}<\/style>\n<div class=\"wp-block-kadence-spacer aligncenter kt-block-spacer-2770_8c47bd-fa\"><div class=\"kt-block-spacer kt-block-spacer-halign-center\"><hr class=\"kt-divider\"\/><\/div><\/div>\n\n\n\n<p class=\"has-theme-palette-1-color has-text-color\"><strong>Extra tip:<\/strong> <em>Nezabudni si k iPadu k\u00fapi\u0165 pr\u00edslu\u0161enstvo &#8211; kvalitn\u00fd obal, ktor\u00fd ho bude chr\u00e1ni, predsa len to nie je lacn\u00e1 z\u00e1le\u017eitos\u0165. Povrch tabletu je dos\u0165 klzk\u00fd a hoci to niekomu vyhovuje, ja ti odpor\u00fa\u010dam vysk\u00fa\u0161a\u0165 f\u00f3liu imituj\u00facu papier, napr\u00edklad od zna\u010dky <a rel=\"noreferrer noopener\" href=\"https:\/\/www.alza.sk\/ochranne-folie-pre-tablety\/paperlike\/18853322-v29554.htm\" target=\"_blank\">Paperlike<\/a>. Ja pou\u017e\u00edvam e\u0161te <a rel=\"noreferrer noopener\" href=\"https:\/\/www.datart.sk\/rukavice-xppen-umelecka-univerzalna-ac01_b-cierna.html\" target=\"_blank\">\u0161peci\u00e1lnu rukavicu<\/a>, ktor\u00e1 br\u00e1ni n\u00e1hodn\u00e9mu dotyku displeja a tie\u017e u\u013eah\u010duje pohyb ruky po displeji pri kreslen\u00ed.<\/em><\/p>\n\n\n<style>.wp-block-kadence-spacer.kt-block-spacer-2770_6a8965-3c .kt-block-spacer{height:60px;}.wp-block-kadence-spacer.kt-block-spacer-2770_6a8965-3c .kt-divider{border-top-width:1px;height:1px;border-top-color:var(--global-palette3, #1A202C);width:80%;border-top-style:solid;}<\/style>\n<div class=\"wp-block-kadence-spacer aligncenter kt-block-spacer-2770_6a8965-3c\"><div class=\"kt-block-spacer kt-block-spacer-halign-center\"><hr class=\"kt-divider\"\/><\/div><\/div>\n\n\n\n<p>Tak ako, m\u00e1\u0161 v tom u\u017e trochu jasnej\u0161ie? \ud83d\ude09 Ver\u00edm, \u017ee ti moje rady pom\u00f4\u017eu pri v\u00fdbere toho spr\u00e1vneho iPadu pre teba a tvoje potreby, ale kone\u010dn\u00e9 rozhodnutie (po zv\u00e1\u017een\u00ed v\u0161etk\u00fdch vy\u0161\u0161ie uveden\u00fdch atrib\u00fatov) je na tebe. Nech u\u017e sa rozhodne\u0161 pre ak\u00fdko\u013evek model, iPad ti otv\u00e1ra dvere k nekone\u010dn\u00fdm mo\u017enostiam vo svete ilustr\u00e1cie a pattern designu. Neboj sa experimentova\u0165, sk\u00fa\u0161a\u0165 a objavova\u0165, preto\u017ee ka\u017ed\u00fd za\u010diatok je \u0165a\u017ek\u00fd, ale pre ka\u017ed\u00e9ho jedine\u010dn\u00fd a svojim sp\u00f4sobom kr\u00e1sny. \ud83d\ude09<\/p>\n\n\n\n<p>A ak sa ti blog p\u00e1\u010dil, nezabudni mi o tom da\u0165 vedie\u0165!&nbsp;\ud83d\ude09 \u010ci u\u017e na&nbsp;<a rel=\"noreferrer noopener\" href=\"https:\/\/www.instagram.com\/maria.kurty\/\" target=\"_blank\">Instagrame<\/a>, Facebooku alebo&nbsp;<a href=\"https:\/\/www.mariakurty.com\/en\/kontakt\/\">tu<\/a>. Tipy zdie\u013eaj aj so svojimi kamo\u0161mi, o ktor\u00fdch vie\u0161, \u017ee by im mohli pom\u00f4c\u0165 a nezabudni ozna\u010di\u0165 @maria.kurty&nbsp;<\/p>\n\n\n\n<p class=\"has-theme-palette-1-color has-text-color\"><strong>Aktualiz\u00e1cia: Tesne pred vydan\u00edm tohto \u010dl\u00e1nku som sa predsa len rozhodla pre k\u00fapu nov\u00e9ho tabletu aj ja. Riadila som sa mojimi vlastn\u00fdmi radami z tohto blogu a nakoniec som sa rozhodla pre repasovan\u00fd model. Moje sk\u00fasenosti s touto k\u00fapou, v\u00fdhody a nev\u00fdhody repasovanej elektroniky a tie\u017e rady, na \u010do si da\u0165 pozor pri ich k\u00fape u\u017e pomaly spisujem do \u010fal\u0161ieho \u010dl\u00e1nku.<\/strong>\ud83d\ude09<\/p>","protected":false},"excerpt":{"rendered":"<p>Ak uva\u017euje\u0161 o tom, \u017ee sa za\u010dne\u0161 z nijak\u00e9ho d\u00f4vodu venova\u0165 digit\u00e1lnej ilustr\u00e1cii, pravdepodobne sn\u00edva\u0161 o k\u00fape nov\u00e9ho iPadu a u\u017e sa vid\u00ed\u0161, ako vytv\u00e1ra\u0161 \u00fa\u017easn\u00e9 obr\u00e1zky v Procreate, \u017ee? \ud83d\ude09<\/p>\n<p>No na trhu sa to iPadmi len tak hem\u017e\u00ed, ka\u017ed\u00fd m\u00e1 in\u00e9 parametre, in\u00fa cenu, je v tom trochu neporiadok a vybra\u0165 si ten spr\u00e1vny nie je \u00faplne naj\u013eah\u0161ia vec na svete. Hlavne ke\u010f vieme, \u017ee to nie je z\u00e1le\u017eitos\u0165 za 20\u20ac, ale finan\u010dne n\u00e1ro\u010dnej\u0161ia k\u00fapa veci, ktor\u00e1 n\u00e1m bude vern\u00fdm spolo\u010dn\u00edkom pri tvoren\u00ed nieko\u013eko rokov. <\/p>\n<p>Rozhodovanie m\u00f4\u017ee by\u0165, hlavne pre za\u010diato\u010dn\u00edka, zlo\u017eit\u00e9 a preto v\u00e1m dnes prin\u00e1\u0161am nieko\u013eko tipov a krit\u00e9ri\u00ed, ktor\u00e9 v\u00e1m pom\u00f4\u017eu pri v\u00fdbere. V tomto \u010dl\u00e1nku sa pozrieme na r\u00f4zne typy iPadov, ceny, ve\u013ekos\u0165 pam\u00e4te a displeja, a dokonca aj na to, \u010di je lep\u0161ie investova\u0165 do nov\u00e9ho alebo repasovan\u00e9ho iPadu. Podel\u00edm sa tie\u017e o svoju vlastn\u00fa sk\u00fasenos\u0165 s k\u00fapou m\u00f4jho prv\u00e9ho iPadu, ktor\u00fd pou\u017e\u00edvam dodnes.<\/p>","protected":false},"author":1,"featured_media":2790,"comment_status":"closed","ping_status":"open","sticky":false,"template":"","format":"standard","meta":{"_kad_post_transparent":"","_kad_post_title":"","_kad_post_layout":"","_kad_post_sidebar_id":"","_kad_post_content_style":"","_kad_post_vertical_padding":"","_kad_post_feature":"","_kad_post_feature_position":"","_kad_post_header":false,"_kad_post_footer":false,"_kad_post_classname":"","footnotes":""},"categories":[97,21],"tags":[105,20,76,110,107,109,102,104,103,65,108,106,84,49,111],"class_list":["post-2770","post","type-post","status-publish","format-standard","has-post-thumbnail","hentry","category-tipstricks","category-zo-sveta-dizajnu-a-umenia","tag-ako-si-vybrat-ipad","tag-blog","tag-clanok","tag-digitalna-ilustracia","tag-graficky-dizajn-2","tag-ilustracia","tag-ipad","tag-ipad-air","tag-ipad-pro","tag-kreativita","tag-patterndesign","tag-tablet","tag-tipy","tag-tvorenie","tag-zaciatky"],"_links":{"self":[{"href":"https:\/\/www.mariakurty.com\/en\/wp-json\/wp\/v2\/posts\/2770","targetHints":{"allow":["GET"]}}],"collection":[{"href":"https:\/\/www.mariakurty.com\/en\/wp-json\/wp\/v2\/posts"}],"about":[{"href":"https:\/\/www.mariakurty.com\/en\/wp-json\/wp\/v2\/types\/post"}],"author":[{"embeddable":true,"href":"https:\/\/www.mariakurty.com\/en\/wp-json\/wp\/v2\/users\/1"}],"replies":[{"embeddable":true,"href":"https:\/\/www.mariakurty.com\/en\/wp-json\/wp\/v2\/comments?post=2770"}],"version-history":[{"count":6,"href":"https:\/\/www.mariakurty.com\/en\/wp-json\/wp\/v2\/posts\/2770\/revisions"}],"predecessor-version":[{"id":2879,"href":"https:\/\/www.mariakurty.com\/en\/wp-json\/wp\/v2\/posts\/2770\/revisions\/2879"}],"wp:featuredmedia":[{"embeddable":true,"href":"https:\/\/www.mariakurty.com\/en\/wp-json\/wp\/v2\/media\/2790"}],"wp:attachment":[{"href":"https:\/\/www.mariakurty.com\/en\/wp-json\/wp\/v2\/media?parent=2770"}],"wp:term":[{"taxonomy":"category","embeddable":true,"href":"https:\/\/www.mariakurty.com\/en\/wp-json\/wp\/v2\/categories?post=2770"},{"taxonomy":"post_tag","embeddable":true,"href":"https:\/\/www.mariakurty.com\/en\/wp-json\/wp\/v2\/tags?post=2770"}],"curies":[{"name":"wp","href":"https:\/\/api.w.org\/{rel}","templated":true}]}}