{"id":2723,"date":"2023-06-02T10:09:35","date_gmt":"2023-06-02T08:09:35","guid":{"rendered":"https:\/\/www.mariakurty.com\/?p=2723"},"modified":"2023-06-02T12:09:24","modified_gmt":"2023-06-02T10:09:24","slug":"kreativny-zivot-ocami-tanecnice-profesorky-na-konzervatoriu-a-tvorivej-mamy-barbory-tirpak","status":"publish","type":"post","link":"https:\/\/www.mariakurty.com\/en\/kreativny-zivot-ocami-tanecnice-profesorky-na-konzervatoriu-a-tvorivej-mamy-barbory-tirpak\/","title":{"rendered":"Kreat\u00edvny \u017eivot o\u010dami tane\u010dnice, profesorky na konzervat\u00f3riu a tvorivej mamy Barbory Tirp\u00e1k"},"content":{"rendered":"<p>Vitajte pri druhej \u010dasti mojej novej s\u00e9rie \u201eKreat\u00edvnych rozhovorov\u201c so zauj\u00edmav\u00fdmi a&nbsp;in\u0161pirat\u00edvnymi \u013eu\u010fmi. <\/p>\n\n\n\n<p>V&nbsp;dne\u0161nom rozhovore sa op\u00e4\u0165 budeme ve\u013ea rozpr\u00e1va\u0165 o&nbsp;kreativite, kreat\u00edvnom \u017eivote a&nbsp;tvoren\u00ed s&nbsp;de\u0165mi. Mojim hos\u0165om bude kr\u00e1sna, neskuto\u010dne pr\u00edjemn\u00e1 a&nbsp;v\u017edy dobre naladen\u00e1 \u017eena, tane\u010dnica a&nbsp;mamina dvoch mal\u00fdch det\u00ed Barborka Tirp\u00e1k, ktor\u00e1 stoj\u00ed za Instagramov\u00fdm profilom @mummy_creative_handmade. <\/p>\n\n\n\n<p>Spoznali sme sa po\u010das projektu &#8222;Mal\u00fd dizajn\u00e9r&#8220;, ktor\u00fd sme koncom roka 2022 zorganizovali spolu s Deniskou z Needles. Barborkina dc\u00e9rka sa do projektu zapojila tie\u017e a zhodou okolnost\u00ed sa vol\u00e1 rovnako, ako t\u00e1 moja (a nie je to \u00faplne be\u017en\u00e9 meno). Tak sme sa s Barborkou pustili do re\u010di, za\u010dala som sledova\u0165 jej profil a dnes sa ve\u013emi te\u0161\u00edm, \u017ee ju m\u00f4\u017eem predstavi\u0165 aj v\u00e1m.<\/p>\n\n\n\n<figure class=\"wp-block-pullquote\"><blockquote><p>Keby ka\u017ed\u00fd tvoril, tak by bol \u017eivot e\u0161te kraj\u0161\u00ed. <\/p><cite>Barbora Tirp\u00e1k<\/cite><\/blockquote><\/figure>\n\n\n\n<p>Pre m\u0148a, ako \u010dloveka zameran\u00e9ho len na v\u00fdtvarn\u00e9 umenie, bol tento rozhovor naozaj ve\u013emi zauj\u00edmav\u00fd a osvie\u017euj\u00faci. Barborka n\u00e1m v \u0148om prezrad\u00ed, ako sa dostala k tancu, \u010d\u00edm v\u0161etk\u00fdm si tak\u00fd tane\u010dn\u00edk alebo herec mus\u00ed na \u0161kole prejs\u0165, kto ju po\u010das jej \u017eivota najviac ovplyvnil, pre\u010do sa rozhodla zalo\u017ei\u0165 Instagramov\u00fd profil zameran\u00fd na tvorenie s de\u0165mi a odkia\u013e berie in\u0161pir\u00e1ciu. A dozviete sa tie\u017e, bez akej pom\u00f4cky na tvorenie Barborka neurob\u00ed ani krok. \ud83d\ude09<\/p>\n\n\n\n<figure class=\"wp-block-pullquote\"><blockquote><p><em>Tvori\u0165 treba a netreba sa toho b\u00e1\u0165. A ke\u010f aj vyjde somarina, tak vyjde somarina. Tak sa na tom zasmejte a povedzte si, \u017ee super, aspo\u0148 sme sa nejako zabavili.&#8220;<\/em><\/p><cite>BArbora Tirp\u00e1k<\/cite><\/blockquote><\/figure>\n\n\n\n<p>Ver\u00edm, \u017ee aj z&nbsp;dne\u0161n\u00e9ho rozhovoru si odnesiete poriadnu d\u00e1vku in\u0161pir\u00e1cie. Pohodlne sa usa\u010fte a&nbsp;za\u010d\u00edname.<\/p>\n\n\n\n<figure class=\"wp-block-embed is-type-video is-provider-youtube wp-block-embed-youtube wp-embed-aspect-16-9 wp-has-aspect-ratio\"><div class=\"wp-block-embed__wrapper\">\n<iframe loading=\"lazy\" title=\"Rozhovor s Barborou Tirp\u00e1k\" width=\"720\" height=\"405\" src=\"https:\/\/www.youtube.com\/embed\/BMT73xjIhOQ?feature=oembed\" frameborder=\"0\" allow=\"accelerometer; autoplay; clipboard-write; encrypted-media; gyroscope; picture-in-picture; web-share\" allowfullscreen><\/iframe>\n<\/div><\/figure>","protected":false},"excerpt":{"rendered":"<p>V druhej \u010dasti mojej novej s\u00e9rie \u201eKreat\u00edvnych rozhovorov\u201c so zauj\u00edmav\u00fdmi a\u00a0in\u0161pirat\u00edvnymi \u013eu\u010fmi sa op\u00e4\u0165 budeme rozpr\u00e1va\u0165 o\u00a0kreativite, kreat\u00edvnom \u017eivote a\u00a0tvoren\u00ed s\u00a0de\u0165mi. Mojim hos\u0165om bude kr\u00e1sna, neskuto\u010dne pr\u00edjemn\u00e1 a\u00a0v\u017edy dobre naladen\u00e1 \u017eena, tane\u010dnica a\u00a0mamina dvoch mal\u00fdch det\u00ed Barborka Tirp\u00e1k, ktor\u00e1 stoj\u00ed za Instagramov\u00fdm profilom @mummy_creative_handmade.<\/p>","protected":false},"author":1,"featured_media":2727,"comment_status":"closed","ping_status":"open","sticky":false,"template":"","format":"standard","meta":{"_kad_post_transparent":"","_kad_post_title":"","_kad_post_layout":"","_kad_post_sidebar_id":"","_kad_post_content_style":"","_kad_post_vertical_padding":"","_kad_post_feature":"","_kad_post_feature_position":"","_kad_post_header":false,"_kad_post_footer":false,"_kad_post_classname":"","footnotes":""},"categories":[77,21,17],"tags":[20,65,66,95,78,93,49,96,91,94,88],"class_list":["post-2723","post","type-post","status-publish","format-standard","has-post-thumbnail","hentry","category-rozhovory","category-zo-sveta-dizajnu-a-umenia","category-zo-zivota","tag-blog","tag-kreativita","tag-kreativny-zivot","tag-mama","tag-rozhovor","tag-tanec","tag-tvorenie","tag-tvoriva-mama","tag-tvorivy-zivot","tag-umenie","tag-video"],"_links":{"self":[{"href":"https:\/\/www.mariakurty.com\/en\/wp-json\/wp\/v2\/posts\/2723","targetHints":{"allow":["GET"]}}],"collection":[{"href":"https:\/\/www.mariakurty.com\/en\/wp-json\/wp\/v2\/posts"}],"about":[{"href":"https:\/\/www.mariakurty.com\/en\/wp-json\/wp\/v2\/types\/post"}],"author":[{"embeddable":true,"href":"https:\/\/www.mariakurty.com\/en\/wp-json\/wp\/v2\/users\/1"}],"replies":[{"embeddable":true,"href":"https:\/\/www.mariakurty.com\/en\/wp-json\/wp\/v2\/comments?post=2723"}],"version-history":[{"count":6,"href":"https:\/\/www.mariakurty.com\/en\/wp-json\/wp\/v2\/posts\/2723\/revisions"}],"predecessor-version":[{"id":2740,"href":"https:\/\/www.mariakurty.com\/en\/wp-json\/wp\/v2\/posts\/2723\/revisions\/2740"}],"wp:featuredmedia":[{"embeddable":true,"href":"https:\/\/www.mariakurty.com\/en\/wp-json\/wp\/v2\/media\/2727"}],"wp:attachment":[{"href":"https:\/\/www.mariakurty.com\/en\/wp-json\/wp\/v2\/media?parent=2723"}],"wp:term":[{"taxonomy":"category","embeddable":true,"href":"https:\/\/www.mariakurty.com\/en\/wp-json\/wp\/v2\/categories?post=2723"},{"taxonomy":"post_tag","embeddable":true,"href":"https:\/\/www.mariakurty.com\/en\/wp-json\/wp\/v2\/tags?post=2723"}],"curies":[{"name":"wp","href":"https:\/\/api.w.org\/{rel}","templated":true}]}}